{"id":5655,"date":"2025-08-08T13:12:13","date_gmt":"2025-08-08T13:12:13","guid":{"rendered":"https:\/\/imprensa.festivaldeinvernobahia.com.br\/?p=5655"},"modified":"2025-08-11T13:14:13","modified_gmt":"2025-08-11T13:14:13","slug":"solicitacao-de-credenciamento-de-imprensa-para-o-festival-de-inverno-bahia-2025-comeca-nesta-sexta-feira-08","status":"publish","type":"post","link":"https:\/\/imprensa.festivaldeinvernobahia.com.br\/?p=5655","title":{"rendered":"Solicita\u00e7\u00e3o de credenciamento de imprensa para o Festival de Inverno Bahia 2025 come\u00e7a nesta sexta-feira (08)"},"content":{"rendered":"\n<figure class=\"wp-block-image size-large\"><img fetchpriority=\"high\" decoding=\"async\" width=\"1024\" height=\"614\" src=\"https:\/\/imprensa.festivaldeinvernobahia.com.br\/wp-content\/uploads\/2025\/08\/WhatsApp-Image-2025-08-08-at-16.17.45-1024x614.jpeg\" alt=\"\" class=\"wp-image-5656\" srcset=\"https:\/\/imprensa.festivaldeinvernobahia.com.br\/wp-content\/uploads\/2025\/08\/WhatsApp-Image-2025-08-08-at-16.17.45-1024x614.jpeg 1024w, https:\/\/imprensa.festivaldeinvernobahia.com.br\/wp-content\/uploads\/2025\/08\/WhatsApp-Image-2025-08-08-at-16.17.45-300x180.jpeg 300w, https:\/\/imprensa.festivaldeinvernobahia.com.br\/wp-content\/uploads\/2025\/08\/WhatsApp-Image-2025-08-08-at-16.17.45-768x461.jpeg 768w, https:\/\/imprensa.festivaldeinvernobahia.com.br\/wp-content\/uploads\/2025\/08\/WhatsApp-Image-2025-08-08-at-16.17.45-1536x922.jpeg 1536w, https:\/\/imprensa.festivaldeinvernobahia.com.br\/wp-content\/uploads\/2025\/08\/WhatsApp-Image-2025-08-08-at-16.17.45.jpeg 1600w\" sizes=\"(max-width: 1024px) 100vw, 1024px\" \/><\/figure>\n\n\n\n<p>Profissionais de imprensa interessados em cobrir o Festival de Inverno Bahia (FIB) 2025 podem solicitar o credenciamento. O processo se inicia nesta sexta-feira, 08 de agosto. O prazo para as solicita\u00e7\u00f5es vai at\u00e9 o dia 15 de agosto.<\/p>\n\n\n\n<p>Para dar in\u00edcio ao processo, os profissionais devem acessar o link de inscri\u00e7\u00e3o, ler o regulamento e preencher o formul\u00e1rio com as informa\u00e7\u00f5es solicitadas. O prazo para os ve\u00edculos receberem o retorno, seja de aprova\u00e7\u00e3o ou recusa, ser\u00e1 at\u00e9 o dia 18 de agosto. A resposta ser\u00e1 comunicada exclusivamente pelo e-mail cadastrado no formul\u00e1rio.<\/p>\n\n\n\n<p>O link para solicita\u00e7\u00e3o \u00e9: https:\/\/fib.conquistahost.com.br\/inscricao<\/p>\n\n\n\n<p>A organiza\u00e7\u00e3o do FIB ressalta a import\u00e2ncia de seguir as instru\u00e7\u00f5es para garantir que o processo seja conclu\u00eddo com sucesso, contribuindo para a cobertura de mais uma edi\u00e7\u00e3o do festival.<\/p>\n\n\n\n<p>CRIT\u00c9RIOS:<\/p>\n\n\n\n<p>\u2022\u2060 \u2060Informa\u00e7\u00f5es necess\u00e1rias: nome do ve\u00edculo, tipo do Ve\u00edculo (site\/blog, impresso, TV, r\u00e1dio), tempo de atua\u00e7\u00e3o do ve\u00edculo no mercado, nome completo do profissional a ser credenciado, e-mail, fotografia, RG, telefone e fun\u00e7\u00e3o do profissional. Se a solicita\u00e7\u00e3o de credenciamento n\u00e3o incluir todos esses dados, ela ser\u00e1 automaticamente cancelada.<\/p>\n\n\n\n<p>\u2022\u2060 \u2060O processo de solicita\u00e7\u00e3o de pr\u00e9-credenciamento ter\u00e1 in\u00edcio em 08 de agosto e ir\u00e1 at\u00e9 15 de agosto. Ap\u00f3s preenchimento e cadastro, as solicita\u00e7\u00f5es ser\u00e3o analisadas, e somente ap\u00f3s a aprova\u00e7\u00e3o, a confirma\u00e7\u00e3o do credenciamento ser\u00e1 enviada por e-mail.<\/p>\n\n\n\n<p>\u2022\u2060 \u2060Jornais, Revistas, R\u00e1dios, Ag\u00eancias de Not\u00edcias e Sites poder\u00e3o obter no m\u00e1ximo at\u00e9 2 (duas) credenciais. As TVs poder\u00e3o credenciar at\u00e9 03 (tr\u00eas) profissionais.<\/p>\n\n\n\n<p>\u2022\u2060 \u2060Os credenciamentos para profissionais de imprensa freelancer ser\u00e3o analisados individualmente.<\/p>\n\n\n\n<p>\u2022\u2060 \u2060Ser\u00e3o credenciados como imprensa apenas os profissionais que realmente atuam nessa \u00e1rea, como rep\u00f3rteres, fot\u00f3grafos, produtores, cinegrafistas, redatores, editores, assistentes de produ\u00e7\u00e3o\/c\u00e2mera. N\u00e3o ser\u00e3o credenciados o departamento comercial dos ve\u00edculos de comunica\u00e7\u00e3o nem outros profissionais que n\u00e3o se enquadrem nas categorias mencionadas, como motoristas e outros.<\/p>\n\n\n\n<p>\u2022\u2060 \u2060O acesso da imprensa aos camarotes e bastidores s\u00f3 ser\u00e1 permitido mediante acompanhamento da assessoria de imprensa do Festival de Inverno Bahia e ap\u00f3s autoriza\u00e7\u00e3o pr\u00e9via.<\/p>\n\n\n\n<p>\u2022\u2060 \u2060\u00c9 proibido o consumo de bebidas alco\u00f3licas por profissionais credenciados. Aqueles identificados com tal comportamento ter\u00e3o suas credenciais automaticamente canceladas e ser\u00e3o convidados a deixar o evento.<\/p>\n\n\n\n<p>\u2022\u2060 \u2060A credencial \u00e9 pessoal, \u00fanica e exclusiva do profissional. Caso seja constatada fraude (uso de credencial por terceiros), os profissionais envolvidos ter\u00e3o suas credenciais canceladas e ser\u00e3o convidados a deixar o evento.<\/p>\n\n\n\n<p>O Festival de Inverno Bahia \u00e9 uma realiza\u00e7\u00e3o da Salvador Produ\u00e7\u00f5es e Bahia Eventos<\/p>\n\n\n\n<p>Patroc\u00ednio Master: VCA Construtora, Diamantina Toyota, Grupo Afya Santo Agostinho, He-Net, O Botic\u00e1rio, Mix Mateus e Sicoob<br>Patroc\u00ednio Oficial: Coca-Cola, Monster, Brahma e Old Parr<br>Apoio: Nacional G\u00e1s, Rota Transportes, Boulevard Shopping e SETUR<br>Parceiros: Batata Ruffles, Grid Motos, Vitta Sa\u00fade, Consultante IT, Concha y Toro, Centauro e Tech Fish, Detalhes Centro de Est\u00e9tica e Beleza e Tia S\u00f4nia<br>Ag\u00eancia de Viagens Oficial: Vip Universal Tour<\/p>\n\n\n\n<p>SERVI\u00c7O:<\/p>\n\n\n\n<p>O que: Festival de Inverno Bahia 2025<br>Quando: 22, 23 e 24 de Agosto<br>Onde: Parque de Exposi\u00e7\u00f5es Teopompo de Almeida, Vit\u00f3ria da Conquista<br>Atra\u00e7\u00f5es: Sexta-feira (22 de agosto): Ney Matogrosso, Jo\u00e3o Gomes e M\u00e3eana, Natanzinho Lima \/ S\u00e1bado (23 de agosto): Elba Ramalho &amp; Geraldo Azevedo, Ivete Sangalo, L\u00e9o Santana, BaianaSystem \/ Domingo (24 de agosto): Matu\u00ea, Leonardo, Pablo.<br>Pontos de Vendas: Os ingressos est\u00e3o dispon\u00edveis atrav\u00e9s da plataforma Sympla, em Salvador na loja do Bora Tickets, no 2\u00ba piso do Shopping da Bahia e em Vit\u00f3ria da Conquista na Central de Ingressos (Shopping Conquista Sul e Galeria Panvicon), Banca Central (Pra\u00e7a Bar\u00e3o do Rio Branco), na Loja Taco (Av. Ol\u00edvia Flores, 686), na loja DMK (Boulevard Shopping) e na Charlie Colt (Bairro Brasil).<br>Informa\u00e7\u00f5es: @fiboficial e @ssaproducoes<br>Informa\u00e7\u00f5es \u00e0 imprensa nacional: Alan Martins | 71 99120-2855 | alan@salvadorproducoes.com.br<br>Informa\u00e7\u00f5es \u00e0 imprensa local: Vinicius Trindades | 77 98100-0965 | imprensa@viniciustrindades.com<\/p>\n","protected":false},"excerpt":{"rendered":"<p>Profissionais de imprensa interessados em cobrir o Festival de Inverno Bahia (FIB) 2025 podem solicitar o credenciamento. O processo se inicia nesta sexta-feira, 08 de agosto. O prazo para as solicita\u00e7\u00f5es vai at\u00e9 o dia 15 de agosto. Para dar in\u00edcio ao processo, os profissionais devem acessar o link de inscri\u00e7\u00e3o, ler o regulamento e [&hellip;]<\/p>\n","protected":false},"author":4,"featured_media":5656,"comment_status":"open","ping_status":"closed","sticky":false,"template":"","format":"standard","meta":{"footnotes":""},"categories":[8],"tags":[],"class_list":["post-5655","post","type-post","status-publish","format-standard","has-post-thumbnail","hentry","category-destaques"],"_links":{"self":[{"href":"https:\/\/imprensa.festivaldeinvernobahia.com.br\/index.php?rest_route=\/wp\/v2\/posts\/5655","targetHints":{"allow":["GET"]}}],"collection":[{"href":"https:\/\/imprensa.festivaldeinvernobahia.com.br\/index.php?rest_route=\/wp\/v2\/posts"}],"about":[{"href":"https:\/\/imprensa.festivaldeinvernobahia.com.br\/index.php?rest_route=\/wp\/v2\/types\/post"}],"author":[{"embeddable":true,"href":"https:\/\/imprensa.festivaldeinvernobahia.com.br\/index.php?rest_route=\/wp\/v2\/users\/4"}],"replies":[{"embeddable":true,"href":"https:\/\/imprensa.festivaldeinvernobahia.com.br\/index.php?rest_route=%2Fwp%2Fv2%2Fcomments&post=5655"}],"version-history":[{"count":1,"href":"https:\/\/imprensa.festivaldeinvernobahia.com.br\/index.php?rest_route=\/wp\/v2\/posts\/5655\/revisions"}],"predecessor-version":[{"id":5657,"href":"https:\/\/imprensa.festivaldeinvernobahia.com.br\/index.php?rest_route=\/wp\/v2\/posts\/5655\/revisions\/5657"}],"wp:featuredmedia":[{"embeddable":true,"href":"https:\/\/imprensa.festivaldeinvernobahia.com.br\/index.php?rest_route=\/wp\/v2\/media\/5656"}],"wp:attachment":[{"href":"https:\/\/imprensa.festivaldeinvernobahia.com.br\/index.php?rest_route=%2Fwp%2Fv2%2Fmedia&parent=5655"}],"wp:term":[{"taxonomy":"category","embeddable":true,"href":"https:\/\/imprensa.festivaldeinvernobahia.com.br\/index.php?rest_route=%2Fwp%2Fv2%2Fcategories&post=5655"},{"taxonomy":"post_tag","embeddable":true,"href":"https:\/\/imprensa.festivaldeinvernobahia.com.br\/index.php?rest_route=%2Fwp%2Fv2%2Ftags&post=5655"}],"curies":[{"name":"wp","href":"https:\/\/api.w.org\/{rel}","templated":true}]}}