{"id":5647,"date":"2025-07-28T15:28:48","date_gmt":"2025-07-28T15:28:48","guid":{"rendered":"https:\/\/imprensa.festivaldeinvernobahia.com.br\/?p=5647"},"modified":"2025-08-11T13:14:54","modified_gmt":"2025-08-11T13:14:54","slug":"festival-de-inverno-bahia-se-consolida-como-maior-evento-de-musica-do-interior-do-nordeste","status":"publish","type":"post","link":"https:\/\/imprensa.festivaldeinvernobahia.com.br\/?p=5647","title":{"rendered":"Festival de Inverno Bahia se consolida como maior evento de m\u00fasica do interior do Nordeste"},"content":{"rendered":"\n<div class=\"wp-block-cover\" style=\"min-height:437px;aspect-ratio:unset;\"><img fetchpriority=\"high\" decoding=\"async\" width=\"1600\" height=\"1066\" class=\"wp-block-cover__image-background wp-image-5648\" alt=\"FOTO: Fabr\u00edcio Filmes\n\" src=\"https:\/\/imprensa.festivaldeinvernobahia.com.br\/wp-content\/uploads\/2025\/07\/AD_4nXeV3Xcuw_RJNpmXwdJ0uzmVU0Lg8V8iUSuUz1hSZEaFwdppx6_i3I7UxeIGJ1xAn78xF1LyONkOqYHDfOgyhK1vqPNuCxpuo0OMI-SbU03BepKqRUBbfUksCewYlpfOoD5jcZFnPA.jpg\" data-object-fit=\"cover\" srcset=\"https:\/\/imprensa.festivaldeinvernobahia.com.br\/wp-content\/uploads\/2025\/07\/AD_4nXeV3Xcuw_RJNpmXwdJ0uzmVU0Lg8V8iUSuUz1hSZEaFwdppx6_i3I7UxeIGJ1xAn78xF1LyONkOqYHDfOgyhK1vqPNuCxpuo0OMI-SbU03BepKqRUBbfUksCewYlpfOoD5jcZFnPA.jpg 1600w, https:\/\/imprensa.festivaldeinvernobahia.com.br\/wp-content\/uploads\/2025\/07\/AD_4nXeV3Xcuw_RJNpmXwdJ0uzmVU0Lg8V8iUSuUz1hSZEaFwdppx6_i3I7UxeIGJ1xAn78xF1LyONkOqYHDfOgyhK1vqPNuCxpuo0OMI-SbU03BepKqRUBbfUksCewYlpfOoD5jcZFnPA-300x200.jpg 300w, https:\/\/imprensa.festivaldeinvernobahia.com.br\/wp-content\/uploads\/2025\/07\/AD_4nXeV3Xcuw_RJNpmXwdJ0uzmVU0Lg8V8iUSuUz1hSZEaFwdppx6_i3I7UxeIGJ1xAn78xF1LyONkOqYHDfOgyhK1vqPNuCxpuo0OMI-SbU03BepKqRUBbfUksCewYlpfOoD5jcZFnPA-1024x682.jpg 1024w, https:\/\/imprensa.festivaldeinvernobahia.com.br\/wp-content\/uploads\/2025\/07\/AD_4nXeV3Xcuw_RJNpmXwdJ0uzmVU0Lg8V8iUSuUz1hSZEaFwdppx6_i3I7UxeIGJ1xAn78xF1LyONkOqYHDfOgyhK1vqPNuCxpuo0OMI-SbU03BepKqRUBbfUksCewYlpfOoD5jcZFnPA-768x512.jpg 768w, https:\/\/imprensa.festivaldeinvernobahia.com.br\/wp-content\/uploads\/2025\/07\/AD_4nXeV3Xcuw_RJNpmXwdJ0uzmVU0Lg8V8iUSuUz1hSZEaFwdppx6_i3I7UxeIGJ1xAn78xF1LyONkOqYHDfOgyhK1vqPNuCxpuo0OMI-SbU03BepKqRUBbfUksCewYlpfOoD5jcZFnPA-1536x1023.jpg 1536w\" sizes=\"(max-width: 1600px) 100vw, 1600px\" \/><span aria-hidden=\"true\" class=\"wp-block-cover__background has-background-dim\"><\/span><div class=\"wp-block-cover__inner-container is-layout-flow wp-block-cover-is-layout-flow\">\n<p class=\"has-text-align-center has-large-font-size\"><\/p>\n<\/div><\/div>\n\n\n\n<p>Foto: Fabr\u00edcio Filmes<\/p>\n\n\n\n<p>O Festival de Inverno Bahia (FIB) vai muito al\u00e9m de um simples evento musical. Ele se consolidou como uma experi\u00eancia multidimensional que une m\u00fasica, arte, cultura, socializa\u00e7\u00e3o, acessibilidade e gastronomia a um forte compromisso com a responsabilidade social e ambiental. O FIB \u00e9, de fato, um potente motor de gera\u00e7\u00e3o de emprego e renda, impulsionando significativamente a economia de Vit\u00f3ria da Conquista.<\/p>\n\n\n\n<p>Ao longo de suas edi\u00e7\u00f5es, o festival n\u00e3o apenas celebra a diversidade art\u00edstica, mas tamb\u00e9m projeta o nome de Vit\u00f3ria da Conquista para todo o Brasil. \u00c9 por essa grandiosidade e impacto cont\u00ednuo que o FIB se firmou como o maior festival de m\u00fasica do interior do Nordeste brasileiro.<\/p>\n\n\n\n<p>Michelle Marchesini, diretora executiva da Salvador Produ\u00e7\u00f5es, empresa respons\u00e1vel pela realiza\u00e7\u00e3o desta 19\u00aa edi\u00e7\u00e3o, expressa otimismo quanto ao futuro do evento. &#8220;Para a Salvador Produ\u00e7\u00f5es, esta edi\u00e7\u00e3o do Festival de Inverno Bahia marca um novo cap\u00edtulo. Pela primeira vez, unimos for\u00e7as com a Bahia Eventos em uma parceria que reflete nosso compromisso com a sustentabilidade e a inova\u00e7\u00e3o. Essa uni\u00e3o n\u00e3o s\u00f3 eleva a experi\u00eancia do festival, mas tamb\u00e9m refor\u00e7a a busca por um evento cada vez maior e mais impactante.&#8221;<\/p>\n\n\n\n<h3 class=\"wp-block-heading\"><strong>Impacto Econ\u00f4mico: Um motor para a economia de Conquista<\/strong><\/h3>\n\n\n\n<p>A relev\u00e2ncia do Festival de Inverno Bahia para Vit\u00f3ria da Conquista vai muito al\u00e9m dos palcos. A cada ano, o evento injeta milh\u00f5es na economia local, gerando um efeito multiplicador que beneficia diversos setores.&nbsp;<\/p>\n\n\n\n<p>A hotelaria registra taxas de ocupa\u00e7\u00e3o pr\u00f3ximas a 100% durante os dias do festival, com reservas se estendendo para cidades vizinhas. O com\u00e9rcio varejista, de vestu\u00e1rio a artesanato, e o setor de alimenta\u00e7\u00e3o e bebidas experimentam um boom de vendas. Estima-se que mais de 5 mil vagas de empregos diretos e indiretos s\u00e3o criados em cada edi\u00e7\u00e3o, desde a equipe t\u00e9cnica at\u00e9 vendedores ambulantes e motoristas de aplicativo. A movimenta\u00e7\u00e3o financeira gerada pelo FIB \u00e9 um pilar importante para o desenvolvimento socioecon\u00f4mico da cidade, atraindo investimentos e consolidando Vit\u00f3ria da Conquista como um polo de eventos.<\/p>\n\n\n\n<h3 class=\"wp-block-heading\"><strong>Relev\u00e2ncia Cultural: Palco de Diversidade e Interc\u00e2mbio<\/strong><\/h3>\n\n\n\n<p>No cen\u00e1rio cultural, o Festival de Inverno Bahia \u00e9 um catalisador de experi\u00eancias. Sua curadoria musical \u00e9 reconhecida por mesclar g\u00eaneros e gera\u00e7\u00f5es, oferecendo ao p\u00fablico uma programa\u00e7\u00e3o que vai do pop rock ao sertanejo, passando pelo ax\u00e9 e MPB. Essa diversidade atrai um p\u00fablico vasto e ecl\u00e9tico, fomentando o interc\u00e2mbio cultural e musical.<\/p>\n\n\n\n<p>Al\u00e9m da m\u00fasica, o festival promove atividades paralelas, como ativa\u00e7\u00f5es de patrocinadores, feiras de produtos regionais, espa\u00e7os gastron\u00f4micos e exposi\u00e7\u00f5es, enriquecendo a experi\u00eancia dos visitantes e valorizando a cultura local.<\/p>\n\n\n\n<h3 class=\"wp-block-heading\"><strong>Estrutura e Log\u00edstica: O Gigantismo por Tr\u00e1s do Evento<\/strong><\/h3>\n\n\n\n<p>A grandeza do Festival de Inverno Bahia pode ser medida pela sua robusta estrutura. O Parque de Exposi\u00e7\u00f5es Teopompo de Almeida se transforma em uma verdadeira cidade da m\u00fasica, com m\u00faltiplos palcos, \u00e1reas de alimenta\u00e7\u00e3o, espa\u00e7os de conviv\u00eancia, e uma complexa opera\u00e7\u00e3o de seguran\u00e7a e log\u00edstica. A capacidade de p\u00fablico, que supera dezenas de milhares de pessoas por dia, aliada \u00e0 infraestrutura de ponta, reafirma a posi\u00e7\u00e3o do FIB como o maior festival do interior nordestino.<\/p>\n\n\n\n<p>Com a proximidade de mais uma edi\u00e7\u00e3o, a expectativa \u00e9 que o Festival de Inverno Bahia continue a surpreender, refor\u00e7ando seu legado de impacto econ\u00f4mico e cultural, e mantendo-se como um marco no calend\u00e1rio de eventos do Brasil.<\/p>\n\n\n\n<p><strong>Festival de Inverno Bahia 2025<\/strong><\/p>\n\n\n\n<p>O Festival de Inverno Bahia (FIB) 2025 est\u00e1 com tudo pronto para mais uma edi\u00e7\u00e3o hist\u00f3rica. De 22 a 24 de agosto, o Parque de Exposi\u00e7\u00f5es Teopompo de Almeida, em Vit\u00f3ria da Conquista, receber\u00e1 grandes nomes da m\u00fasica brasileira, prometendo uma experi\u00eancia inesquec\u00edvel.<\/p>\n\n\n\n<p>A noite de abertura, na sexta-feira, 22 de agosto, dar\u00e1 o tom da diversidade do evento, unindo a grandiosidade da MPB com a for\u00e7a da nova gera\u00e7\u00e3o nordestina. O p\u00fablico poder\u00e1 vibrar com as apresenta\u00e7\u00f5es de Ney Matogrosso, Jo\u00e3o Gomes convida M\u00e3eana e Natanzinho Lima.&nbsp;<\/p>\n\n\n\n<p>O s\u00e1bado, 23 de agosto, ser\u00e1 marcado por uma verdadeira celebra\u00e7\u00e3o da m\u00fasica brasileira, com encontros de peso e shows que arrastam multid\u00f5es. As atra\u00e7\u00f5es confirmadas para o segundo dia s\u00e3o: Elba Ramalho &amp; Geraldo Azevedo, Ivete Sangalo, L\u00e9o Santana e BaianaSystem.<\/p>\n\n\n\n<p>Para encerrar a edi\u00e7\u00e3o de 2025 em grande estilo, o domingo, 24 de agosto, trar\u00e1 uma mistura de ritmos que vai do trap ao sertanejo e ao arrocha, com artistas que dominam as paradas de sucesso. O festival encerra com as performances de Matu\u00ea, Leonardo e Pablo.<\/p>\n\n\n\n<p>Os ingressos est\u00e3o dispon\u00edveis atrav\u00e9s da plataforma Sympla, em Salvador na loja do Bora Tickets, no 2\u00ba piso do Shopping da Bahia e em Vit\u00f3ria da Conquista na Central de Ingressos (Shopping Conquista Sul e Galeria Panvicon), Banca Central (Pra\u00e7a Bar\u00e3o do Rio Branco), na Loja Taco (Av. Ol\u00edvia Flores, 686), na loja DMK (Boulevard Shopping) e na Charlie Colt (Bairro Brasil).<\/p>\n\n\n\n<p><strong>O Festival de Inverno Bahia \u00e9 uma realiza\u00e7\u00e3o da Salvador Produ\u00e7\u00f5es e Bahia Eventos<\/strong><\/p>\n\n\n\n<p><strong><br><\/strong><strong>Patroc\u00ednio Master: VCA Construtora, Diamantina Toyota, Grupo Afya Santo Agostinho, He-Net, O Botic\u00e1rio e Mix Mateus<\/strong><\/p>\n\n\n\n<p><strong>Patroc\u00ednio Oficial: Coca-Cola, Monster, Brahma e Old Parr <\/strong><strong><br><\/strong><strong>Apoio: Nacional G\u00e1s, Rota Transportes, Boulevard Shopping e SETUR<\/strong><strong><br><\/strong><strong>Parceiros: Batata Ruffles, Grid Motos, Vitta Sa\u00fade, Consultante IT, Concha y Toro, Centauro e Tech Fish<\/strong><\/p>\n\n\n\n<p><strong>Ag\u00eancia de Viagens Oficial: Vip Universal Tour<\/strong><\/p>\n\n\n\n<hr class=\"wp-block-separator has-alpha-channel-opacity\"\/>\n\n\n\n<p><strong>SERVI\u00c7O:<\/strong><\/p>\n\n\n\n<ul class=\"wp-block-list\">\n<li><strong>O que:<\/strong> Festival de Inverno Bahia 2025<\/li>\n\n\n\n<li><strong>Quando:<\/strong> 22, 23 e 24 de Agosto<\/li>\n\n\n\n<li><strong>Onde:<\/strong> Parque de Exposi\u00e7\u00f5es Teopompo de Almeida, Vit\u00f3ria da Conquista<\/li>\n\n\n\n<li><strong>Atra\u00e7\u00f5es: <\/strong>Sexta-feira (22 de agosto): Ney Matogrosso, Jo\u00e3o Gomes e M\u00e3eana, Natanzinho Lima \/ S\u00e1bado (23 de agosto): Elba Ramalho &amp; Geraldo Azevedo, Ivete Sangalo, L\u00e9o Santana, BaianaSystem \/ Domingo (24 de agosto): Matu\u00ea, Leonardo, Pablo.<\/li>\n\n\n\n<li><strong>Pontos de Vendas: <\/strong>Os ingressos est\u00e3o dispon\u00edveis atrav\u00e9s da plataforma Sympla, em Salvador na loja do Bora Tickets, no 2\u00ba piso do Shopping da Bahia e em Vit\u00f3ria da Conquista na Central de Ingressos (Shopping Conquista Sul e Galeria Panvicon), Banca Central (Pra\u00e7a Bar\u00e3o do Rio Branco), na Loja Taco (Av. Ol\u00edvia Flores, 686), na loja DMK (Boulevard Shopping) e na Charlie Colt (Bairro Brasil).<\/li>\n\n\n\n<li><strong>Informa\u00e7\u00f5es:<\/strong> @fiboficial e @ssaproducoes<\/li>\n\n\n\n<li><strong>Imprensa<\/strong>: Vinicius Trindade &#8211; 77 98100-0965<br>Imprensa@viniciustrindades.com<\/li>\n<\/ul>\n","protected":false},"excerpt":{"rendered":"<p>Foto: Fabr\u00edcio Filmes O Festival de Inverno Bahia (FIB) vai muito al\u00e9m de um simples evento musical. Ele se consolidou como uma experi\u00eancia multidimensional que une m\u00fasica, arte, cultura, socializa\u00e7\u00e3o, acessibilidade e gastronomia a um forte compromisso com a responsabilidade social e ambiental. O FIB \u00e9, de fato, um potente motor de gera\u00e7\u00e3o de emprego [&hellip;]<\/p>\n","protected":false},"author":4,"featured_media":5648,"comment_status":"open","ping_status":"closed","sticky":false,"template":"","format":"standard","meta":{"footnotes":""},"categories":[1],"tags":[],"class_list":["post-5647","post","type-post","status-publish","format-standard","has-post-thumbnail","hentry","category-uncategorized"],"_links":{"self":[{"href":"https:\/\/imprensa.festivaldeinvernobahia.com.br\/index.php?rest_route=\/wp\/v2\/posts\/5647","targetHints":{"allow":["GET"]}}],"collection":[{"href":"https:\/\/imprensa.festivaldeinvernobahia.com.br\/index.php?rest_route=\/wp\/v2\/posts"}],"about":[{"href":"https:\/\/imprensa.festivaldeinvernobahia.com.br\/index.php?rest_route=\/wp\/v2\/types\/post"}],"author":[{"embeddable":true,"href":"https:\/\/imprensa.festivaldeinvernobahia.com.br\/index.php?rest_route=\/wp\/v2\/users\/4"}],"replies":[{"embeddable":true,"href":"https:\/\/imprensa.festivaldeinvernobahia.com.br\/index.php?rest_route=%2Fwp%2Fv2%2Fcomments&post=5647"}],"version-history":[{"count":2,"href":"https:\/\/imprensa.festivaldeinvernobahia.com.br\/index.php?rest_route=\/wp\/v2\/posts\/5647\/revisions"}],"predecessor-version":[{"id":5652,"href":"https:\/\/imprensa.festivaldeinvernobahia.com.br\/index.php?rest_route=\/wp\/v2\/posts\/5647\/revisions\/5652"}],"wp:featuredmedia":[{"embeddable":true,"href":"https:\/\/imprensa.festivaldeinvernobahia.com.br\/index.php?rest_route=\/wp\/v2\/media\/5648"}],"wp:attachment":[{"href":"https:\/\/imprensa.festivaldeinvernobahia.com.br\/index.php?rest_route=%2Fwp%2Fv2%2Fmedia&parent=5647"}],"wp:term":[{"taxonomy":"category","embeddable":true,"href":"https:\/\/imprensa.festivaldeinvernobahia.com.br\/index.php?rest_route=%2Fwp%2Fv2%2Fcategories&post=5647"},{"taxonomy":"post_tag","embeddable":true,"href":"https:\/\/imprensa.festivaldeinvernobahia.com.br\/index.php?rest_route=%2Fwp%2Fv2%2Ftags&post=5647"}],"curies":[{"name":"wp","href":"https:\/\/api.w.org\/{rel}","templated":true}]}}