{"id":5642,"date":"2025-06-04T17:15:05","date_gmt":"2025-06-04T17:15:05","guid":{"rendered":"https:\/\/imprensa.festivaldeinvernobahia.com.br\/?p=5642"},"modified":"2025-07-15T17:16:29","modified_gmt":"2025-07-15T17:16:29","slug":"festival-de-inverno-bahia-fib-trara-pablo-baianasystem-e-o-projeto-joao-gomes-convida-maeana","status":"publish","type":"post","link":"https:\/\/imprensa.festivaldeinvernobahia.com.br\/?p=5642","title":{"rendered":"Festival de Inverno Bahia (FIB) trar\u00e1 Pablo, BaianaSystem e o projeto Jo\u00e3o Gomes convida M\u00e3eana"},"content":{"rendered":"\n<p>Festival acontecer\u00e1 nos dias 22, 23 e 24 de agosto, no Parque de Exposi\u00e7\u00f5es Teopompo de Almeida, em Vit\u00f3ria da Conquista<\/p>\n\n\n\n<figure class=\"wp-block-image size-large\"><img fetchpriority=\"high\" decoding=\"async\" width=\"1024\" height=\"569\" src=\"https:\/\/imprensa.festivaldeinvernobahia.com.br\/wp-content\/uploads\/2025\/07\/WhatsApp-Image-2025-07-14-at-09.23.58-1024x569.jpeg\" alt=\"\" class=\"wp-image-5643\" srcset=\"https:\/\/imprensa.festivaldeinvernobahia.com.br\/wp-content\/uploads\/2025\/07\/WhatsApp-Image-2025-07-14-at-09.23.58-1024x569.jpeg 1024w, https:\/\/imprensa.festivaldeinvernobahia.com.br\/wp-content\/uploads\/2025\/07\/WhatsApp-Image-2025-07-14-at-09.23.58-300x167.jpeg 300w, https:\/\/imprensa.festivaldeinvernobahia.com.br\/wp-content\/uploads\/2025\/07\/WhatsApp-Image-2025-07-14-at-09.23.58-768x427.jpeg 768w, https:\/\/imprensa.festivaldeinvernobahia.com.br\/wp-content\/uploads\/2025\/07\/WhatsApp-Image-2025-07-14-at-09.23.58.jpeg 1080w\" sizes=\"(max-width: 1024px) 100vw, 1024px\" \/><\/figure>\n\n\n\n<p>O Festival de Inverno Bahia (FIB) acaba de anunciar os nomes que ir\u00e3o fechar a grade de celebra\u00e7\u00e3o das 19 edi\u00e7\u00f5es do festival. O FIB vai receber a sofr\u00eancia do cantor Pablo, o som potente e marcante do BaianaSystem e o projeto cheio de brasilidade que levar\u00e1 Jo\u00e3o Gomes e M\u00e3eana para o palco.<\/p>\n\n\n\n<p>Os \u00faltimos nomes se juntar\u00e3o ao GG L\u00e9o Santana, Natanzinho Lima, Leonardo aos cantores Elba Ramalho e Geraldo Azevedo, Ivete Sangalo, Matu\u00ea e Ney Matogrosso para compor a grade oficial do festival em 2025.<\/p>\n\n\n\n<p>O FIB vai durante os dias 22, 23 e 24 de agosto, no Parque de Exposi\u00e7\u00f5es Teopompo de Almeida, em Vit\u00f3ria da Conquista \u2013 BA.<\/p>\n\n\n\n<p>Estreando no palco do FIB, o cantor Pablo vai levar toda a sua sofr\u00eancia para aquecer os cora\u00e7\u00f5es conquistenses. Can\u00e7\u00f5es como \u2018Tomara\u2019, \u2018Pecado de Amor\u2019, \u2018Agora\u2019, \u2018Bilu Bilu\u2019 e muitos outros hits v\u00e3o fazer parte do show do rei do arrocha.<\/p>\n\n\n\n<p>Trazendo toda a sua pot\u00eancia musical, a banda BaianaSystem retorna ao FIB com um show \u00e9pico e que promete marcar mais uma edi\u00e7\u00e3o do festival. Em seu repert\u00f3rio, can\u00e7\u00f5es como \u2018Terapia\u2019, \u2018\u00c1gua\u2019, \u2018Mi\u00e7anga\u2019, \u2018Olho de Boi\u2019 estar\u00e3o presentes.<\/p>\n\n\n\n<p>Fechando a grade do Festival de Inverno Bahia, o projeto Jo\u00e3o Gomes convida M\u00e3eana chega trazendo brasilidade, leveza e uma sonoridade que s\u00f3 a jun\u00e7\u00e3o das vozes dos artistas foi capaz de propor. Juntos, os cantores v\u00e3o embalar o p\u00fablico com grandes hits.<\/p>\n\n\n\n<p>A 19\u00aa edi\u00e7\u00e3o do Festival de Inverno Bahia chega trazendo muitas novidades, como a parceria entre a Bahia Eventos e a Salvador Produ\u00e7\u00f5es, nova realizadora do festival em 2025, repetindo a dobradinha de sucesso que marcou o ver\u00e3o com o Festival de Ver\u00e3o Salvador.<\/p>\n\n\n\n<p>O FIB trar\u00e1, mais uma vez, al\u00e9m dos grandes shows, ativa\u00e7\u00f5es dos patrocinadores e parceiros, que estar\u00e3o espalhados por todo o Parque Teopompo de Almeida e ser\u00e3o uma atra\u00e7\u00e3o \u00e0 parte para o p\u00fablico. Al\u00e9m das ativa\u00e7\u00f5es, a gastronomia tamb\u00e9m estar\u00e1 presente no Festival, levando o melhor da culin\u00e1ria local e regional para os conquistenses e visitantes.<\/p>\n\n\n\n<p>E o p\u00fablico que ainda n\u00e3o garantiu o acesso, tem a oportunidade de comprar antes da virada de lote, que acontecer\u00e1 no dia 11 de junho.<\/p>\n\n\n\n<p>Os ingressos est\u00e3o dispon\u00edveis atrav\u00e9s da plataforma Sympla, em Salvador na loja do Bora Tickets, no 2\u00ba piso do Shopping da Bahia e em Vit\u00f3ria da Conquista na Central de Ingressos (Shopping Conquista Sul e Galeria Panvicon), Banca Central (Pra\u00e7a Bar\u00e3o do Rio Branco), na Loja Taco (Av. Ol\u00edvia Flores, 686), na loja DMK (Shopping Boulevard) e na Charlie Colt (Bairro Brasil).<\/p>\n\n\n\n<p>Para mais informa\u00e7\u00f5es acesse @fiboficial e @ssaproducoes.<\/p>\n\n\n\n<p>SERVI\u00c7O<br>O que: Festival de Inverno Bahia \u2013 FIB<br>Quando: 22, 23 e 24 de agosto<br>Onde: Parque de Exposi\u00e7\u00f5es Teopompo de Almeida, Vit\u00f3ria da Conquista<br>Atra\u00e7\u00f5es: Sexta (22) \u2013 Ney Matogrosso | Natanzinho Lima | Jo\u00e3o Gomes<br>S\u00e1bado (23) \u2013 Elba Ramalho e Geraldo Azevedo | Ivete Sangalo | L\u00e9o Santana | BaianaSystem<br>Domingo (24) \u2013 Matu\u00ea | Leonardo | Pablo<br>Informa\u00e7\u00f5es: @fiboficial e @ssaproducoes<\/p>\n\n\n\n<p><\/p>\n\n\n\n<p>Informa\u00e7\u00f5es \u00e0 imprensa local:<br>Vinicius Trindade<br>77 98100-0965<br>imprensa@viniciustrindades.com<\/p>\n","protected":false},"excerpt":{"rendered":"<p>Festival acontecer\u00e1 nos dias 22, 23 e 24 de agosto, no Parque de Exposi\u00e7\u00f5es Teopompo de Almeida, em Vit\u00f3ria da Conquista O Festival de Inverno Bahia (FIB) acaba de anunciar os nomes que ir\u00e3o fechar a grade de celebra\u00e7\u00e3o das 19 edi\u00e7\u00f5es do festival. O FIB vai receber a sofr\u00eancia do cantor Pablo, o som [&hellip;]<\/p>\n","protected":false},"author":4,"featured_media":5643,"comment_status":"open","ping_status":"closed","sticky":false,"template":"","format":"standard","meta":{"footnotes":""},"categories":[1],"tags":[],"class_list":["post-5642","post","type-post","status-publish","format-standard","has-post-thumbnail","hentry","category-uncategorized"],"_links":{"self":[{"href":"https:\/\/imprensa.festivaldeinvernobahia.com.br\/index.php?rest_route=\/wp\/v2\/posts\/5642","targetHints":{"allow":["GET"]}}],"collection":[{"href":"https:\/\/imprensa.festivaldeinvernobahia.com.br\/index.php?rest_route=\/wp\/v2\/posts"}],"about":[{"href":"https:\/\/imprensa.festivaldeinvernobahia.com.br\/index.php?rest_route=\/wp\/v2\/types\/post"}],"author":[{"embeddable":true,"href":"https:\/\/imprensa.festivaldeinvernobahia.com.br\/index.php?rest_route=\/wp\/v2\/users\/4"}],"replies":[{"embeddable":true,"href":"https:\/\/imprensa.festivaldeinvernobahia.com.br\/index.php?rest_route=%2Fwp%2Fv2%2Fcomments&post=5642"}],"version-history":[{"count":1,"href":"https:\/\/imprensa.festivaldeinvernobahia.com.br\/index.php?rest_route=\/wp\/v2\/posts\/5642\/revisions"}],"predecessor-version":[{"id":5644,"href":"https:\/\/imprensa.festivaldeinvernobahia.com.br\/index.php?rest_route=\/wp\/v2\/posts\/5642\/revisions\/5644"}],"wp:featuredmedia":[{"embeddable":true,"href":"https:\/\/imprensa.festivaldeinvernobahia.com.br\/index.php?rest_route=\/wp\/v2\/media\/5643"}],"wp:attachment":[{"href":"https:\/\/imprensa.festivaldeinvernobahia.com.br\/index.php?rest_route=%2Fwp%2Fv2%2Fmedia&parent=5642"}],"wp:term":[{"taxonomy":"category","embeddable":true,"href":"https:\/\/imprensa.festivaldeinvernobahia.com.br\/index.php?rest_route=%2Fwp%2Fv2%2Fcategories&post=5642"},{"taxonomy":"post_tag","embeddable":true,"href":"https:\/\/imprensa.festivaldeinvernobahia.com.br\/index.php?rest_route=%2Fwp%2Fv2%2Ftags&post=5642"}],"curies":[{"name":"wp","href":"https:\/\/api.w.org\/{rel}","templated":true}]}}