{"id":5623,"date":"2025-05-23T18:38:50","date_gmt":"2025-05-23T18:38:50","guid":{"rendered":"https:\/\/imprensa.festivaldeinvernobahia.com.br\/?p=5623"},"modified":"2025-07-15T17:14:45","modified_gmt":"2025-07-15T17:14:45","slug":"teste","status":"publish","type":"post","link":"https:\/\/imprensa.festivaldeinvernobahia.com.br\/?p=5623","title":{"rendered":"Festival de Inverno Bahia (FIB) anuncia shows de L\u00e9o Santana, Natanzinho Lima, Leonardo e o encontro especial de Elba Ramalho e Geraldo Azevedo"},"content":{"rendered":"\n<p>Festival acontecer\u00e1 nos dias 22, 23 e 24 de agosto, no Parque de Exposi\u00e7\u00f5es Teopompo de Almeida, em Vit\u00f3ria da Conquista<br><\/p>\n\n\n\n<figure class=\"wp-block-image size-large\"><img fetchpriority=\"high\" decoding=\"async\" width=\"1024\" height=\"527\" src=\"https:\/\/imprensa.festivaldeinvernobahia.com.br\/wp-content\/uploads\/2025\/07\/WhatsApp-Image-2025-07-14-at-09.23.05-1024x527.jpeg\" alt=\"\" class=\"wp-image-5640\" srcset=\"https:\/\/imprensa.festivaldeinvernobahia.com.br\/wp-content\/uploads\/2025\/07\/WhatsApp-Image-2025-07-14-at-09.23.05-1024x527.jpeg 1024w, https:\/\/imprensa.festivaldeinvernobahia.com.br\/wp-content\/uploads\/2025\/07\/WhatsApp-Image-2025-07-14-at-09.23.05-300x154.jpeg 300w, https:\/\/imprensa.festivaldeinvernobahia.com.br\/wp-content\/uploads\/2025\/07\/WhatsApp-Image-2025-07-14-at-09.23.05-768x395.jpeg 768w, https:\/\/imprensa.festivaldeinvernobahia.com.br\/wp-content\/uploads\/2025\/07\/WhatsApp-Image-2025-07-14-at-09.23.05.jpeg 1080w\" sizes=\"(max-width: 1024px) 100vw, 1024px\" \/><\/figure>\n\n\n\n<p>Depois de confirmar as primeiras atra\u00e7\u00f5es da edi\u00e7\u00e3o de 2025, o Festival de Inverno Bahia (FIB) acaba de anunciar outros nomes que ir\u00e3o celebrar as 19 edi\u00e7\u00f5es do festival, entre os confirmados est\u00e3o o GG L\u00e9o Santana, Natanzinho Lima, Leonardo e um encontro pra l\u00e1 de especial dos cantores Elba Ramalho e Geraldo Azevedo. Al\u00e9m deles, Ivete Sangalo, Matu\u00ea e Ney Matogrosso tamb\u00e9m estar\u00e3o na grade do FIB, que acontecer\u00e1 nos dias 22, 23 e 24 de agosto, no Parque de Exposi\u00e7\u00f5es Teopompo de Almeida, em Vit\u00f3ria da Conquista \u2013 BA.<\/p>\n\n\n\n<p>Estreando no palco do FIB, o cantor Leonardo vai levar todo o seu romantismo para embalar os conquistenses. Can\u00e7\u00f5es como \u2018Talism\u00e3\u2019, \u2018Eu Juro\u2019, \u2018Dia de Rodeio\u2019, \u2018Nada Mudou\u2019, \u2018Deixaria Tudo\u2019 e muitos outros sucessos far\u00e3o parte do repert\u00f3rio do cantor goiano.<\/p>\n\n\n\n<p>Respons\u00e1vel por um gingado \u00fanico e que leva o p\u00fablico ao del\u00edrio, o GG L\u00e9o Santana retorna ao palco do FIB e promete colocar todo mundo para dan\u00e7ar. O gigante vai levar hits como \u2018Contatinho\u2019, \u2018Zona de Perigo\u2019, \u2018Santinha\u2019, \u2018Posturado e Calmo\u2019 e muitos outros sucessos para aquecer tudo.<\/p>\n\n\n\n<p>Outra atra\u00e7\u00e3o que far\u00e1 sua estreia no palco do FIB \u00e9 o sergipano Natanzinho Lima, que levar\u00e1 toda sua irrever\u00eancia e can\u00e7\u00f5es como \u2018N\u00e3o Apaguei\u2019, \u2018Melhor Vers\u00e3o\u2019 e \u2018Sem Voc\u00ea\u2019 v\u00e3o embalar o festival.<\/p>\n\n\n\n<p>Os cantores Elba Ramalho e Geraldo Azevedo retornam ao palco do Festival de Inverno com um show \u00fanico e especial. A dupla vai levar para o palco do FIB alguns dos maiores sucessos de suas carreiras, \u2018T\u00e1xi Lunar\u2019, \u2018O Ci\u00fame\u2019, \u2018Petrolina-Juazeiro\u2019, \u2018Frisson\u2019 s\u00e3o alguns dos hits que far\u00e3o parte desse encontro.<\/p>\n\n\n\n<p>A 19\u00aa edi\u00e7\u00e3o do Festival de Inverno Bahia chega trazendo muitas novidades, como a parceria entre a Bahia Eventos e a Salvador Produ\u00e7\u00f5es, nova realizadora do festival em 2025, repetindo a dobradinha de sucesso que marcou o ver\u00e3o com o Festival de Ver\u00e3o Salvador.<\/p>\n\n\n\n<p>O FIB trar\u00e1, mais uma vez, al\u00e9m dos grandes shows, ativa\u00e7\u00f5es dos patrocinadores e parceiros, que estar\u00e3o espalhados por todo o Parque Teopompo de Almeida e ser\u00e3o uma atra\u00e7\u00e3o \u00e0 parte para o p\u00fablico. Al\u00e9m das ativa\u00e7\u00f5es, a gastronomia tamb\u00e9m estar\u00e1 presente no Festival, levando o melhor da culin\u00e1ria local e regional para os conquistenses e visitantes.<\/p>\n\n\n\n<p>Os ingressos est\u00e3o dispon\u00edveis atrav\u00e9s da plataforma Sympla, em Salvador na loja do Bora Tickets, no 2\u00ba piso do Shopping da Bahia e em Vit\u00f3ria da Conquista na Central de Ingressos (Shopping Conquista Sul e Galeria Panvicon), Banca Central (Pra\u00e7a Bar\u00e3o do Rio Branco), na Loja Taco (Av. Ol\u00edvia Flores, 686), na loja DMK (Shopping Boulevard) e na Charlie Colt (Bairro Brasil).<\/p>\n\n\n\n<p>Para mais informa\u00e7\u00f5es acesse @fiboficial e @ssaproducoes.<\/p>\n\n\n\n<p>SERVI\u00c7O<br>O que: Festival de Inverno Bahia \u2013 FIB<br>Quando: 22, 23 e 24 de agosto<br>Onde: Parque de Exposi\u00e7\u00f5es Teopompo de Almeida, Vit\u00f3ria da Conquista<br>Atra\u00e7\u00f5es: Sexta (22) \u2013 Ney Matogrosso | Natanzinho Lima<br>S\u00e1bado (23) \u2013 Elba Ramalho e Geraldo Azevedo | Ivete Sangalo | L\u00e9o Santana<br>Domingo (24) \u2013 Matu\u00ea | Leonardo<br>Informa\u00e7\u00f5es: @fiboficial e @ssaproducoes<\/p>\n\n\n\n<p><\/p>\n\n\n\n<p>Informa\u00e7\u00f5es \u00e0 imprensa local:<br>Vinicius Trindade<br>77 98100-0965<br>imprensa@viniciustrindades.com<\/p>\n","protected":false},"excerpt":{"rendered":"<p>Festival acontecer\u00e1 nos dias 22, 23 e 24 de agosto, no Parque de Exposi\u00e7\u00f5es Teopompo de Almeida, em Vit\u00f3ria da Conquista Depois de confirmar as primeiras atra\u00e7\u00f5es da edi\u00e7\u00e3o de 2025, o Festival de Inverno Bahia (FIB) acaba de anunciar outros nomes que ir\u00e3o celebrar as 19 edi\u00e7\u00f5es do festival, entre os confirmados est\u00e3o o [&hellip;]<\/p>\n","protected":false},"author":4,"featured_media":5640,"comment_status":"open","ping_status":"closed","sticky":false,"template":"","format":"standard","meta":{"footnotes":""},"categories":[1],"tags":[],"class_list":["post-5623","post","type-post","status-publish","format-standard","has-post-thumbnail","hentry","category-uncategorized"],"_links":{"self":[{"href":"https:\/\/imprensa.festivaldeinvernobahia.com.br\/index.php?rest_route=\/wp\/v2\/posts\/5623","targetHints":{"allow":["GET"]}}],"collection":[{"href":"https:\/\/imprensa.festivaldeinvernobahia.com.br\/index.php?rest_route=\/wp\/v2\/posts"}],"about":[{"href":"https:\/\/imprensa.festivaldeinvernobahia.com.br\/index.php?rest_route=\/wp\/v2\/types\/post"}],"author":[{"embeddable":true,"href":"https:\/\/imprensa.festivaldeinvernobahia.com.br\/index.php?rest_route=\/wp\/v2\/users\/4"}],"replies":[{"embeddable":true,"href":"https:\/\/imprensa.festivaldeinvernobahia.com.br\/index.php?rest_route=%2Fwp%2Fv2%2Fcomments&post=5623"}],"version-history":[{"count":2,"href":"https:\/\/imprensa.festivaldeinvernobahia.com.br\/index.php?rest_route=\/wp\/v2\/posts\/5623\/revisions"}],"predecessor-version":[{"id":5641,"href":"https:\/\/imprensa.festivaldeinvernobahia.com.br\/index.php?rest_route=\/wp\/v2\/posts\/5623\/revisions\/5641"}],"wp:featuredmedia":[{"embeddable":true,"href":"https:\/\/imprensa.festivaldeinvernobahia.com.br\/index.php?rest_route=\/wp\/v2\/media\/5640"}],"wp:attachment":[{"href":"https:\/\/imprensa.festivaldeinvernobahia.com.br\/index.php?rest_route=%2Fwp%2Fv2%2Fmedia&parent=5623"}],"wp:term":[{"taxonomy":"category","embeddable":true,"href":"https:\/\/imprensa.festivaldeinvernobahia.com.br\/index.php?rest_route=%2Fwp%2Fv2%2Fcategories&post=5623"},{"taxonomy":"post_tag","embeddable":true,"href":"https:\/\/imprensa.festivaldeinvernobahia.com.br\/index.php?rest_route=%2Fwp%2Fv2%2Ftags&post=5623"}],"curies":[{"name":"wp","href":"https:\/\/api.w.org\/{rel}","templated":true}]}}